{"id":695,"date":"2022-07-08T07:02:01","date_gmt":"2022-07-08T07:02:01","guid":{"rendered":"http:\/\/cech-wieliczka.pl\/?p=695"},"modified":"2022-07-08T07:02:01","modified_gmt":"2022-07-08T07:02:01","slug":"sukcesja","status":"publish","type":"post","link":"http:\/\/cech-wieliczka.pl\/?p=695","title":{"rendered":"SUKCESJA"},"content":{"rendered":"\n<p>Informujemy, i\u017c Ma\u0142opolska Izba Rzemios\u0142a i Przedsi\u0119biorczo\u015bci w Krakowie rozpoczyna realizacj\u0119 Projektu pn.\u00a0<strong>Ma\u0142opolska Sie\u0107 Sukcesor\u00f3w &#8222;SUKCES-JA!&#8221;<\/strong>. Sukcesja to bardzo aktualny temat szczeg\u00f3lnie dla os\u00f3b, kt\u00f3re otworzy\u0142y swoje firmy na pocz\u0105tku lat 90-tych. Sukcesja firmy to przekazanie nast\u0119pcy wiedzy i w\u0142asno\u015bci biznesu, w oparciu o wsp\u00f3lnie wyznawane warto\u015bci. MIRiP realizuj\u0105c projekt chce zorganizowa\u0107 cykl bezp\u0142atnych warsztat\u00f3w prawnych, aby pom\u00f3c naszym przedsi\u0119biorcom w zaplanowaniu tych dzia\u0142a\u0144.<\/p>\n\n\n\n<p><strong>CELE PROJEKTU:<\/strong><\/p>\n\n\n\n<ul><li>podniesienie poziomu gotowo\u015bci do sukcesji w ma\u0142opolskich firmach poprzez wzmocnienie postaw przedsi\u0119biorczych oraz rozw\u00f3j wiedzy i umiej\u0119tno\u015bci w\u015br\u00f3d potencjalnych sukcesor\u00f3w\/ os\u00f3b, kt\u00f3re przej\u0119\u0142y firm\u0119 w wyniku sukcesji, w kluczowych obszarach funkcjonowania firmy;<\/li><li>wsparcie wymiany do\u015bwiadcze\u0144 i networkingu w\/w os\u00f3b.<\/li><\/ul>\n\n\n\n<p><strong>DO KOGO SKIEROWANE SA DZIA\u0141ANIA?<\/strong><\/p>\n\n\n\n<ul><li>w\u0142a\u015bciciele firm (szczeg\u00f3lnie rzemie\u015blnicze firmy rodzinne), kt\u00f3rzy planuj\u0105 lub s\u0105 w trakcie przekazywania firmy &#8211; sukcesji z woj. Ma\u0142opolskiego;<\/li><li>potencjalni sukcesorzy w firmach\/osoby kt\u00f3re przej\u0119\u0142y firm\u0119 w wyniku sukcesji z woj. Ma\u0142opolskiego.<\/li><\/ul>\n\n\n\n<p><strong>CO OFERUJ\u0104?<\/strong><\/p>\n\n\n\n<p><strong>Bezp\u0142atne<\/strong>&nbsp;warsztaty z zakresu sukcesji: w ramach Projektu zostanie zorganizowane 7 spotka\u0144: 1 spotkanie inauguracyjne, 5 warsztat\u00f3w merytorycznych w formule hybrydowej (ze szczeg\u00f3lnym naciskiem na udzia\u0142 osobisty w spotkaniach z ekspertami), 1 spotkanie podsumowuj\u0105ce.<\/p>\n\n\n\n<p>W ramach 5 warsztat\u00f3w merytorycznych \u0142\u0105cznie zostanie przeprowadzonych 20 godzin warsztat\u00f3w prowadzonych przez ekspert\u00f3w merytorycznych. Dzi\u0119ki udzia\u0142owi w projekcie uczestnicy b\u0119d\u0105 mogli lepiej przygotowa\u0107 firm\u0119 do p\u0142ynnego przej\u015bcia w r\u0119ce kolejnego pokolenia \u2013 sukcesor\u00f3w. Rzemie\u015blnicy dowiedz\u0105 si\u0119 r\u00f3wnie\u017c, jak zabezpieczy\u0107 biznes w przypadku braku nast\u0119pc\u00f3w. Zostan\u0105 r\u00f3wnie\u017c om\u00f3wione zagro\u017cenia prowadzonego biznesu oraz zakres odpowiedzialno\u015bci maj\u0105tkiem prywatnym. W trakcie warsztat\u00f3w om\u00f3wione zostan\u0105 te\u017c rozwi\u0105zania zabezpieczaj\u0105ce biznes za \u017cycia przedsi\u0119biorcy na wypadek jego \u015bmierci, ewentualnych konsekwencji oraz utraty p\u0142ynno\u015bci finansowej. Poruszone zostan\u0105 tak\u017ce kwestie zwi\u0105zane z przekszta\u0142ceniem dzia\u0142alno\u015bci gospodarczej, doborem odpowiedniej formy prawnej i regulacji spraw spadkowych. Temat zostanie om\u00f3wiony tak\u017ce pod k\u0105tem zabezpiecze\u0144 finansowych potencjalnych sp\u0142at (spadkobierc\u00f3w, wychodz\u0105cego wsp\u00f3lnika). W zrozumieniu kwestii sukcesji pomog\u0105 uczestnikom omawiane przypadki oraz wiedza praktyczna przedsi\u0119biorc\u00f3w, kt\u00f3rzy ju\u017c sukcesji dokonali (wsparcie wymiany do\u015bwiadcze\u0144 i networkingu w\/w os\u00f3b).<\/p>\n\n\n\n<p>SZCZEG\u00d3\u0141Y NA STRONIE: <a href=\"http:\/\/izba.krakow.pl\/sukcesja\" target=\"_blank\" rel=\"noreferrer noopener\" aria-label=\"http:\/\/izba.krakow.pl\/sukcesja (otwiera si\u0119 w nowej zak\u0142adce)\">http:\/\/izba.krakow.pl\/sukcesja<\/a><\/p>\n","protected":false},"excerpt":{"rendered":"<p>Informujemy, i\u017c Ma\u0142opolska Izba Rzemios\u0142a i Przedsi\u0119biorczo\u015bci w Krakowie rozpoczyna realizacj\u0119 Projektu pn.\u00a0Ma\u0142opolska Sie\u0107 Sukcesor\u00f3w &#8222;SUKCES-JA!&#8221;. Sukcesja to bardzo aktualny temat szczeg\u00f3lnie dla os\u00f3b, kt\u00f3re otworzy\u0142y swoje firmy na pocz\u0105tku lat 90-tych. Sukcesja firmy to przekazanie nast\u0119pcy wiedzy i w\u0142asno\u015bci [&hellip;]<\/p>\n","protected":false},"author":2,"featured_media":0,"comment_status":"open","ping_status":"open","sticky":false,"template":"","format":"standard","meta":[],"categories":[1],"tags":[],"_links":{"self":[{"href":"http:\/\/cech-wieliczka.pl\/index.php?rest_route=\/wp\/v2\/posts\/695"}],"collection":[{"href":"http:\/\/cech-wieliczka.pl\/index.php?rest_route=\/wp\/v2\/posts"}],"about":[{"href":"http:\/\/cech-wieliczka.pl\/index.php?rest_route=\/wp\/v2\/types\/post"}],"author":[{"embeddable":true,"href":"http:\/\/cech-wieliczka.pl\/index.php?rest_route=\/wp\/v2\/users\/2"}],"replies":[{"embeddable":true,"href":"http:\/\/cech-wieliczka.pl\/index.php?rest_route=%2Fwp%2Fv2%2Fcomments&post=695"}],"version-history":[{"count":2,"href":"http:\/\/cech-wieliczka.pl\/index.php?rest_route=\/wp\/v2\/posts\/695\/revisions"}],"predecessor-version":[{"id":697,"href":"http:\/\/cech-wieliczka.pl\/index.php?rest_route=\/wp\/v2\/posts\/695\/revisions\/697"}],"wp:attachment":[{"href":"http:\/\/cech-wieliczka.pl\/index.php?rest_route=%2Fwp%2Fv2%2Fmedia&parent=695"}],"wp:term":[{"taxonomy":"category","embeddable":true,"href":"http:\/\/cech-wieliczka.pl\/index.php?rest_route=%2Fwp%2Fv2%2Fcategories&post=695"},{"taxonomy":"post_tag","embeddable":true,"href":"http:\/\/cech-wieliczka.pl\/index.php?rest_route=%2Fwp%2Fv2%2Ftags&post=695"}],"curies":[{"name":"wp","href":"https:\/\/api.w.org\/{rel}","templated":true}]}}