{"id":355,"date":"2020-06-01T11:55:28","date_gmt":"2020-06-01T11:55:28","guid":{"rendered":"http:\/\/cech-wieliczka.pl\/?p=355"},"modified":"2020-06-01T11:55:28","modified_gmt":"2020-06-01T11:55:28","slug":"zajecia-praktyczne-dla-uczniow-iii-klas-branzowej-szkoly-i-stopnia","status":"publish","type":"post","link":"http:\/\/cech-wieliczka.pl\/?p=355","title":{"rendered":"Zaj\u0119cia praktyczne dla uczni\u00f3w III klas bran\u017cowej szko\u0142y I stopnia."},"content":{"rendered":"\n<p>Od 1 czerwca 2020 r. ruszaj\u0105 zaj\u0119cia praktyczne dla uczni\u00f3w klas III bran\u017cowych szk\u00f3\u0142 I stopnia, zar\u00f3wno b\u0119d\u0105cych, jak       i nieb\u0119d\u0105cych m\u0142odocianymi pracownikami. Uruchamiamy zaj\u0119cia       praktyczne z zakresu nauki jazdy pojazdem silnikowym dla uczni\u00f3w       klas III technikum kszta\u0142c\u0105cych si\u0119 w zawodzie, dla kt\u00f3rego       podstawa programowa kszta\u0142cenia w zawodzie przewiduje       przygotowanie do uzyskania umiej\u0119tno\u015bci kierowania pojazdem       silnikowym. Ponadto wszyscy uczniowie technikum b\u0119d\u0105 mieli       mo\u017cliwo\u015b\u0107 praktyk zawodowych u pracodawcy lubw indywidualnych       gospodarstwach rolnych.<\/p>\n\n\n\n<p><strong>Zaj\u0119cia praktyczne dla uczni\u00f3w III klas bran\u017cowej\n            szko\u0142y I stopnia.<\/strong><\/p>\n\n\n\n<p>W okresie od 1 czerwca 2020 r. zaj\u0119cia praktyczne b\u0119d\u0105 mog\u0142y\n          by\u0107&nbsp;realizowane dla uczni\u00f3w klas programowo najwy\u017cszych\n          bran\u017cowych szk\u00f3\u0142 I stopnia zar\u00f3wno b\u0119d\u0105cych, jak i nieb\u0119d\u0105cych\n          m\u0142odocianymi pracownikami. Zaj\u0119cia te b\u0119dzie mo\u017cna realizowa\u0107\n          po&nbsp;uzyskaniu zgody ucznia, a&nbsp;w&nbsp;przypadku niepe\u0142noletnich\n          uczni\u00f3w \u2013 po&nbsp;uzyskaniu zgody ich rodzica lub opiekuna\n          prawnego.<\/p>\n\n\n\n<p>W przypadku uczni\u00f3w klas programowo najwy\u017cszych bran\u017cowych\n          szk\u00f3\u0142 I stopnia b\u0119d\u0105cych m\u0142odocianymi pracownikami, kt\u00f3rzy nie\n          wyra\u017c\u0105 zgody na udzia\u0142 w zaj\u0119ciach praktycznych nadal b\u0119dzie\n          obowi\u0105zywa\u0142o czasowe ograniczenie funkcjonowania jednostek\n          systemu o\u015bwiaty, podobnie jak dla uczni\u00f3w-m\u0142odocianych\n          pracownik\u00f3w pozosta\u0142ych klas bran\u017cowej szko\u0142y I stopnia. Tym\n          samym do uczni\u00f3w tych nadal b\u0119d\u0105 mia\u0142y zastosowanie przepisy\n          art. 15f ustawy z dnia 2 marca 2020 r. o szczeg\u00f3lnych\n          rozwi\u0105zaniach zwi\u0105zanych z zapobieganiem, przeciwdzia\u0142aniem i\n          zwalczaniem COVID-19, innych chor\u00f3b zaka\u017anych oraz wywo\u0142anych\n          nimi sytuacji kryzysowych.<\/p>\n\n\n\n<p>Umo\u017cliwienie powrotu uczniom klas III bran\u017cowych szk\u00f3\u0142 I\n          stopnia do realizacji zaj\u0119\u0107 praktycznych pozwoli m.in.<strong>\n            na lepsze przygotowanie tych uczni\u00f3w do ko\u0144cowego egzaminu\n            potwierdzaj\u0105cego kwalifikacje w zawodzie<\/strong> lub\n          egzaminu czeladniczego.<\/p>\n\n\n\n<p><strong>Zaj\u0119cia praktyczne z zakresu nauki jazdy pojazdem\n            silnikowym dla uczni\u00f3w III klas technikum.<\/strong><\/p>\n\n\n\n<p>Od 1 czerwca 2020 r. uczniowie III klas technikum b\u0119d\u0105 mogli\n          realizowa\u0107 zaj\u0119cia praktyczne, ale wy\u0142\u0105cznie z zakresu nauki\n          jazdy pojazdem silnikowym. Dotyczy to uczni\u00f3w, kt\u00f3rzy kszta\u0142c\u0105\n          si\u0119 w&nbsp;zawodzie, dla&nbsp;kt\u00f3rego podstawa programowa kszta\u0142cenia\n          w&nbsp;zawodzie przewiduje przygotowanie do&nbsp;uzyskania umiej\u0119tno\u015bci\n          kierowania pojazdem silnikowym.<\/p>\n\n\n\n<p><strong>Praktyki zawodowe u pracodawc\u00f3w dla uczni\u00f3w\n            wszystkich klas technikum<\/strong><\/p>\n\n\n\n<p>Wszyscy uczniowie technikum od 1 czerwca 2020 r. b\u0119d\u0105 mieli\n          mo\u017cliwo\u015b\u0107 realizacji praktyk zawodowych u pracodawcy lub w\n          indywidualnych gospodarstwach rolnych.<\/p>\n\n\n\n<p>Udzia\u0142 w zaj\u0119ciach praktycznych lub praktykach zawodowych\n          mo\u017cliwy b\u0119dzie po uzyskaniu zgody ucznia, a w przypadku\n          niepe\u0142noletnich uczni\u00f3w, po uzyskaniu zgody ich rodzica<br>\n          lub opiekuna prawnego.<\/p>\n\n\n\n<p><strong>Podstawa prawna: <\/strong><\/p>\n\n\n\n<ul><li>Rozporz\u0105dzenie Ministra Edukacji Narodowej z dnia 28 maja\n            br. zmieniaj\u0105ce rozporz\u0105dzenie w sprawie szczeg\u00f3lnych\n            rozwi\u0105za\u0144 w okresie czasowego ograniczenia funkcjonowania\n            jednostek systemu o\u015bwiaty w zwi\u0105zku z zapobieganiem,\n            przeciwdzia\u0142aniem i zwalczaniem COVID-19.<\/li><\/ul>\n\n\n\n<p><a href=\"http:\/\/dziennikustaw.gov.pl\/D2020000095201.pdf\">http:\/\/dziennikustaw.gov.pl\/D2020000095201.pdf<\/a><\/p>\n\n\n\n<ul><li>Rozporz\u0105dzenie Ministra Edukacji Narodowej z dnia 28 maja\n            br. zmieniaj\u0105ce rozporz\u0105dzenie w sprawie czasowego\n            ograniczenia funkcjonowania jednostek systemu o\u015bwiaty w\n            zwi\u0105zku z zapobieganiem, przeciwdzia\u0142aniem i zwalczaniem\n            COVID-19.<\/li><\/ul>\n\n\n\n<p><a href=\"http:\/\/dziennikustaw.gov.pl\/D2020000095301.pdf\">http:\/\/dziennikustaw.gov.pl\/D2020000095301.pdf<\/a><\/p>\n\n\n\n<p>Departament Informacji i Promocji<br>           Ministerstwo Edukacji Narodowej<\/p>\n\n\n\n<p><a href=\"https:\/\/www.gov.pl\/web\/edukacja\/od-1-czerwca-wznawiamy-praktyki-i-zajecia-praktyczne-dla-kolejnej-grupy-uczniow\">https:\/\/www.gov.pl\/web\/edukacja\/od-1-czerwca-wznawiamy-praktyki-i-zajecia-praktyczne-dla-kolejnej-grupy-uczniow<\/a><\/p>\n","protected":false},"excerpt":{"rendered":"<p>Od 1 czerwca 2020 r. ruszaj\u0105 zaj\u0119cia praktyczne dla uczni\u00f3w klas III bran\u017cowych szk\u00f3\u0142 I stopnia, zar\u00f3wno b\u0119d\u0105cych, jak i nieb\u0119d\u0105cych m\u0142odocianymi pracownikami. Uruchamiamy zaj\u0119cia praktyczne z zakresu nauki jazdy pojazdem silnikowym dla uczni\u00f3w klas III technikum kszta\u0142c\u0105cych si\u0119 w [&hellip;]<\/p>\n","protected":false},"author":2,"featured_media":0,"comment_status":"open","ping_status":"open","sticky":false,"template":"","format":"standard","meta":[],"categories":[1],"tags":[],"_links":{"self":[{"href":"http:\/\/cech-wieliczka.pl\/index.php?rest_route=\/wp\/v2\/posts\/355"}],"collection":[{"href":"http:\/\/cech-wieliczka.pl\/index.php?rest_route=\/wp\/v2\/posts"}],"about":[{"href":"http:\/\/cech-wieliczka.pl\/index.php?rest_route=\/wp\/v2\/types\/post"}],"author":[{"embeddable":true,"href":"http:\/\/cech-wieliczka.pl\/index.php?rest_route=\/wp\/v2\/users\/2"}],"replies":[{"embeddable":true,"href":"http:\/\/cech-wieliczka.pl\/index.php?rest_route=%2Fwp%2Fv2%2Fcomments&post=355"}],"version-history":[{"count":2,"href":"http:\/\/cech-wieliczka.pl\/index.php?rest_route=\/wp\/v2\/posts\/355\/revisions"}],"predecessor-version":[{"id":357,"href":"http:\/\/cech-wieliczka.pl\/index.php?rest_route=\/wp\/v2\/posts\/355\/revisions\/357"}],"wp:attachment":[{"href":"http:\/\/cech-wieliczka.pl\/index.php?rest_route=%2Fwp%2Fv2%2Fmedia&parent=355"}],"wp:term":[{"taxonomy":"category","embeddable":true,"href":"http:\/\/cech-wieliczka.pl\/index.php?rest_route=%2Fwp%2Fv2%2Fcategories&post=355"},{"taxonomy":"post_tag","embeddable":true,"href":"http:\/\/cech-wieliczka.pl\/index.php?rest_route=%2Fwp%2Fv2%2Ftags&post=355"}],"curies":[{"name":"wp","href":"https:\/\/api.w.org\/{rel}","templated":true}]}}