{"id":316,"date":"2020-03-20T09:37:01","date_gmt":"2020-03-20T09:37:01","guid":{"rendered":"http:\/\/cech-wieliczka.pl\/?p=316"},"modified":"2020-03-20T09:37:01","modified_gmt":"2020-03-20T09:37:01","slug":"informacja","status":"publish","type":"post","link":"http:\/\/cech-wieliczka.pl\/?p=316","title":{"rendered":"Informacja"},"content":{"rendered":"\n<p>W zwi\u0105zku z obecn\u0105 sytuacj\u0105 w trosce o Pa\u0144stwa i nasze bezpiecze\u0144stwo informujemy, iz Biuro Cechu od dnia 18.03.2020 r. do odwo\u0142ania b\u0119dzie czynne do godz. 13:00.<\/p>\n\n\n\n<p>Prosimy o ograniczenie wizyt do niezb\u0119dnego minimum.<\/p>\n\n\n\n<p>kontakt tel 12 278 42 41 <\/p>\n\n\n\n<p>e-mail cech.wieliczka @ wp.pl<\/p>\n\n\n\n<p>Za utrudnienia przepraszamy.<\/p>\n","protected":false},"excerpt":{"rendered":"<p>W zwi\u0105zku z obecn\u0105 sytuacj\u0105 w trosce o Pa\u0144stwa i nasze bezpiecze\u0144stwo informujemy, iz Biuro Cechu od dnia 18.03.2020 r. do odwo\u0142ania b\u0119dzie czynne do godz. 13:00. Prosimy o ograniczenie wizyt do niezb\u0119dnego minimum. kontakt tel 12 278 42 41 [&hellip;]<\/p>\n","protected":false},"author":2,"featured_media":0,"comment_status":"open","ping_status":"open","sticky":false,"template":"","format":"standard","meta":[],"categories":[1],"tags":[],"_links":{"self":[{"href":"http:\/\/cech-wieliczka.pl\/index.php?rest_route=\/wp\/v2\/posts\/316"}],"collection":[{"href":"http:\/\/cech-wieliczka.pl\/index.php?rest_route=\/wp\/v2\/posts"}],"about":[{"href":"http:\/\/cech-wieliczka.pl\/index.php?rest_route=\/wp\/v2\/types\/post"}],"author":[{"embeddable":true,"href":"http:\/\/cech-wieliczka.pl\/index.php?rest_route=\/wp\/v2\/users\/2"}],"replies":[{"embeddable":true,"href":"http:\/\/cech-wieliczka.pl\/index.php?rest_route=%2Fwp%2Fv2%2Fcomments&post=316"}],"version-history":[{"count":1,"href":"http:\/\/cech-wieliczka.pl\/index.php?rest_route=\/wp\/v2\/posts\/316\/revisions"}],"predecessor-version":[{"id":317,"href":"http:\/\/cech-wieliczka.pl\/index.php?rest_route=\/wp\/v2\/posts\/316\/revisions\/317"}],"wp:attachment":[{"href":"http:\/\/cech-wieliczka.pl\/index.php?rest_route=%2Fwp%2Fv2%2Fmedia&parent=316"}],"wp:term":[{"taxonomy":"category","embeddable":true,"href":"http:\/\/cech-wieliczka.pl\/index.php?rest_route=%2Fwp%2Fv2%2Fcategories&post=316"},{"taxonomy":"post_tag","embeddable":true,"href":"http:\/\/cech-wieliczka.pl\/index.php?rest_route=%2Fwp%2Fv2%2Ftags&post=316"}],"curies":[{"name":"wp","href":"https:\/\/api.w.org\/{rel}","templated":true}]}}