{"id":230,"date":"2019-10-15T12:45:29","date_gmt":"2019-10-15T12:45:29","guid":{"rendered":"http:\/\/cech-wieliczka.pl\/?p=230"},"modified":"2019-10-15T12:45:29","modified_gmt":"2019-10-15T12:45:29","slug":"wykaz-zmian-podatkowych-na-podstawie-materialow-przeslanych-przez-mirzip","status":"publish","type":"post","link":"http:\/\/cech-wieliczka.pl\/?p=230","title":{"rendered":"WYKAZ ZMIAN PODATKOWYCH ( na podstawie materia\u0142\u00f3w przes\u0142anych przez MIRziP)"},"content":{"rendered":"\n<p><\/p>\n\n\n\n<p><strong>1 wrze\u015bnia 2019 r.<\/strong><\/p>\n\n\n\n<p>Ka\u017cdy przedsi\u0119biorca musi mie\u0107 w banku rachunek firmowy.<\/p>\n\n\n\n<ul><li>Nale\u017cy zg\u0142osi\u0107 posiadany firmowy rachunek bankowy do Urz\u0119du<br>\nSkarbowego poprzez aktualizacj\u0119 CEIDG\/NIP-8<br>\n*Wszystkie p\u0142atno\u015bci powy\u017cej 15.000 z\u0142 w ramach jednej transakcji<br>\nhandlowej nale\u017cy dokona\u0107 na rachunek bankowy zg\u0142oszony poprzez<br>\nsprzedawc\u0119 do Urz\u0119du Skarbowego.<\/li><li>Powstanie Bia\u0142a Lista podatnik\u00f3w Vat<br>\n1 LISTOPADA<\/li><\/ul>\n\n\n\n<p><strong>1 listopada 2019 r.<\/strong><\/p>\n\n\n\n<ul><li>Likwidacja stawki &#8222;odwrotne obci\u0105\u017cenie&#8221;<\/li><li>W\u0119giel, koks, brykiet, cz\u0119\u015bci samochodowe, akumulatory, odpady i us\u0142ugi<br>\nbudowlane uznano za towary\/ us\u0142ugi wra\u017cliwe w podatku VAT<\/li><li>Za towary i us\u0142ugi wra\u017cliwe o warto\u015bci powy\u017cej 15.000 z\u0142 w ramach jednej<br>\ntransakcji handlowej nale\u017cy p\u0142aci\u0107 jedynie poprzez Split Payment,<br>\nPodzielna P\u0142atno\u015b\u0107, w skr\u00f3cie SP specjalny<br>\nrodzaj przelewu<\/li><li>Za pomoc\u0105 SP mo\u017cna zap\u0142aci\u0107 wszystkie faktury konkretnego kontrahenta<br>\nz danego miesi\u0105ca oraz ZUS, PIT, CIT i VAT<\/li><li>Na fakturze typu SP musi pojawi\u0107 si\u0119 dopisek &#8222;mechanizm podzielonej<br>\np\u0142atno\u015bci&#8221;. Brak dopisku skutkuje kar\u0105 pieni\u0119\u017cn\u0105<\/li><\/ul>\n\n\n\n<p><strong>1 stycznia 2020 r.<\/strong><\/p>\n\n\n\n<ul><li>Wszystkie warsztaty samochodowe maj\u0105 obowi\u0105zek stosowania kas<br> fiskalnych on-line<br> a) \u015bwiadcz\u0105cy us\u0142ugi naprawy pojazd\u00f3w silnikowych oraz motorower\u00f3w, w tym naprawy opon, ich zak\u0142adania, bie\u017cnikowania i regenerowania, oraz w zakresie wymiany opon lub k\u00f3\u0142 dla pojazd\u00f3w silnikowych oraz motorower\u00f3w;<br> b) sprzedaj\u0105cy benzyn\u0119 silnikow\u0105, olej nap\u0119dowy oraz gaz przeznaczony donap\u0119du silnik\u00f3w spalinowych.<br> c) myjnie<br> d) stacje diagnostyczne kt\u00f3re r\u00f3wniez wymieniaja cz\u0119\u015bci<br> (wszystko zwi\u0105zane z samochodami)<\/li><li> Faktura zap\u0142acona na rachunek niezg\u0142oszony nieodwo\u0142alnie nie mo\u017ce<br> p\u00f3j\u015b\u0107 w koszty<\/li><li>Faktura zap\u0142acona inaczej ni\u017c SP, je\u015bli wyst\u0119powa\u0142 obowi\u0105zek,<br> nieodwo\u0142alnie nie mo\u017ce p\u00f3j\u015b\u0107 w koszty<br> Nie wolno wystawi\u0107 dla firmy faktury VAT do paragonu, na kt\u00f3rym nie ma NIP. Za z\u0142amanie przepisu p\u0142aci si\u0119 podw\u00f3jnie VAT z danej faktury<\/li><li>Ka\u017cdy podatnik ma obowi\u0105zek p\u0142aci\u0107 wszystkie podatki na przypisany mu, indywidualny numer rachunku bankowego (podobnie jak w ZUS) <\/li><\/ul>\n\n\n\n<p><strong>1 kwietnia 2020 r.<\/strong><\/p>\n\n\n\n<ul><li>Nale\u017cy sprawdzi\u0107 wszystkie stosowane stawki VAT, poniewa\u017c zostaje<br>\nwprowadzona ich nowa matryca<br>\n*Deklaracja VAT oraz plik JPK_VAT zostaj\u0105 zast\u0105pione plikiem JPK_VDEK<br>\n*B\u0142\u0119dy du\u017cej wagi w JPK_VDEK niepoprawione w ci\u0105gu 14 dni b\u0119d\u0105 karane<br>\ngrzywn\u0105 500 z\u0142.<\/li><\/ul>\n\n\n\n<p><strong>1 lipca 2020 r<\/strong>.<\/p>\n\n\n\n<ul><li>Handluj\u0105cy w\u0119glem oraz gastronomi\u0105 ma obowi\u0105zek stosowania kas<br>\nfiskalnych on-line<\/li><li>Firmy zatrudniaj\u0105ce mi\u0119dzy 20 a 49 pracownik\u00f3w maj\u0105 obowi\u0105zek<br>\nuruchomienia Pracowniczych Plan\u00f3w Kapita\u0142owych<\/li><\/ul>\n\n\n\n<p><strong>1 stycznia 2021 r.<\/strong><\/p>\n\n\n\n<p>*Fryzjerzy, kosmetyczki, us\u0142ugi budowlane, lekarze i pracownicy maj\u0105<br>\nobowi\u0105zek stosowa\u0107 kasy fiskalne on-line.<br>\n*Firmy zatrudniaj\u0105ce poni\u017cej 20 pracownik\u00f3w maja obowi\u0105zek<br>\nuruchomienia Pracowniczych Plan\u00f3w Kapita\u0142owych<\/p>\n\n\n\n<p><strong>1 stycznia 2023 r.<\/strong><\/p>\n\n\n\n<p>Wszyscy podatnicy maj\u0105 obowi\u0105zek stosowa\u0107 kasy fiskalne on-line<\/p>\n","protected":false},"excerpt":{"rendered":"<p>1 wrze\u015bnia 2019 r. Ka\u017cdy przedsi\u0119biorca musi mie\u0107 w banku rachunek firmowy. Nale\u017cy zg\u0142osi\u0107 posiadany firmowy rachunek bankowy do Urz\u0119du Skarbowego poprzez aktualizacj\u0119 CEIDG\/NIP-8 *Wszystkie p\u0142atno\u015bci powy\u017cej 15.000 z\u0142 w ramach jednej transakcji handlowej nale\u017cy dokona\u0107 na rachunek bankowy zg\u0142oszony [&hellip;]<\/p>\n","protected":false},"author":2,"featured_media":0,"comment_status":"open","ping_status":"open","sticky":false,"template":"","format":"standard","meta":[],"categories":[1],"tags":[],"_links":{"self":[{"href":"http:\/\/cech-wieliczka.pl\/index.php?rest_route=\/wp\/v2\/posts\/230"}],"collection":[{"href":"http:\/\/cech-wieliczka.pl\/index.php?rest_route=\/wp\/v2\/posts"}],"about":[{"href":"http:\/\/cech-wieliczka.pl\/index.php?rest_route=\/wp\/v2\/types\/post"}],"author":[{"embeddable":true,"href":"http:\/\/cech-wieliczka.pl\/index.php?rest_route=\/wp\/v2\/users\/2"}],"replies":[{"embeddable":true,"href":"http:\/\/cech-wieliczka.pl\/index.php?rest_route=%2Fwp%2Fv2%2Fcomments&post=230"}],"version-history":[{"count":2,"href":"http:\/\/cech-wieliczka.pl\/index.php?rest_route=\/wp\/v2\/posts\/230\/revisions"}],"predecessor-version":[{"id":232,"href":"http:\/\/cech-wieliczka.pl\/index.php?rest_route=\/wp\/v2\/posts\/230\/revisions\/232"}],"wp:attachment":[{"href":"http:\/\/cech-wieliczka.pl\/index.php?rest_route=%2Fwp%2Fv2%2Fmedia&parent=230"}],"wp:term":[{"taxonomy":"category","embeddable":true,"href":"http:\/\/cech-wieliczka.pl\/index.php?rest_route=%2Fwp%2Fv2%2Fcategories&post=230"},{"taxonomy":"post_tag","embeddable":true,"href":"http:\/\/cech-wieliczka.pl\/index.php?rest_route=%2Fwp%2Fv2%2Ftags&post=230"}],"curies":[{"name":"wp","href":"https:\/\/api.w.org\/{rel}","templated":true}]}}