{"id":15,"date":"2019-08-19T06:00:18","date_gmt":"2019-08-19T06:00:18","guid":{"rendered":"http:\/\/cech-wieliczka.pl\/?p=15"},"modified":"2019-08-19T06:00:18","modified_gmt":"2019-08-19T06:00:18","slug":"swieto-rzemiosla-w-izbie","status":"publish","type":"post","link":"http:\/\/cech-wieliczka.pl\/?p=15","title":{"rendered":"\u015awi\u0119to Rzemios\u0142a w Izbie"},"content":{"rendered":"\n<p>W dniu 26 maj 2019r. odby\u0142o si\u0119 \u015awi\u0119to Rzemios\u0142a w Ma\u0142opolskiej Izbie Rzemios\u0142a i Przedsi\u0119biorczo\u015bci w Krakowie.<\/p>\n\n\n\n<p>W uroczysto\u015bciach udzia\u0142 wzieli Starszy Cechu Roman Koszyk oraz \ncz\u0142onkowie Zarz\u0105du Cechu: Marek Laso\u0144, Les\u0142aw Orzechowski oraz Mariusz \nSosnowski.<\/p>\n\n\n\n<ul class=\"wp-container-2 wp-block-gallery-1 wp-block-gallery columns-2 is-cropped\"><li class=\"blocks-gallery-item\"><figure><img loading=\"lazy\" width=\"480\" height=\"342\" src=\"http:\/\/cech-wieliczka.pl\/wp-content\/uploads\/2019\/08\/SwRzem_17_-1.jpg\" alt=\"\" data-id=\"16\" data-link=\"http:\/\/cech-wieliczka.pl\/?attachment_id=16\" class=\"wp-image-16\" srcset=\"http:\/\/cech-wieliczka.pl\/wp-content\/uploads\/2019\/08\/SwRzem_17_-1.jpg 480w, http:\/\/cech-wieliczka.pl\/wp-content\/uploads\/2019\/08\/SwRzem_17_-1-300x214.jpg 300w\" sizes=\"(max-width: 480px) 100vw, 480px\" \/><\/figure><\/li><li class=\"blocks-gallery-item\"><figure><img loading=\"lazy\" width=\"480\" height=\"354\" src=\"http:\/\/cech-wieliczka.pl\/wp-content\/uploads\/2019\/08\/SwRzem_56.jpg\" alt=\"\" data-id=\"17\" data-link=\"http:\/\/cech-wieliczka.pl\/?attachment_id=17\" class=\"wp-image-17\" srcset=\"http:\/\/cech-wieliczka.pl\/wp-content\/uploads\/2019\/08\/SwRzem_56.jpg 480w, http:\/\/cech-wieliczka.pl\/wp-content\/uploads\/2019\/08\/SwRzem_56-300x221.jpg 300w\" sizes=\"(max-width: 480px) 100vw, 480px\" \/><\/figure><\/li><\/ul>\n","protected":false},"excerpt":{"rendered":"<p>W dniu 26 maj 2019r. odby\u0142o si\u0119 \u015awi\u0119to Rzemios\u0142a w Ma\u0142opolskiej Izbie Rzemios\u0142a i Przedsi\u0119biorczo\u015bci w Krakowie. W uroczysto\u015bciach udzia\u0142 wzieli Starszy Cechu Roman Koszyk oraz cz\u0142onkowie Zarz\u0105du Cechu: Marek Laso\u0144, Les\u0142aw Orzechowski oraz Mariusz Sosnowski.<\/p>\n","protected":false},"author":1,"featured_media":0,"comment_status":"open","ping_status":"open","sticky":false,"template":"","format":"standard","meta":[],"categories":[1],"tags":[],"_links":{"self":[{"href":"http:\/\/cech-wieliczka.pl\/index.php?rest_route=\/wp\/v2\/posts\/15"}],"collection":[{"href":"http:\/\/cech-wieliczka.pl\/index.php?rest_route=\/wp\/v2\/posts"}],"about":[{"href":"http:\/\/cech-wieliczka.pl\/index.php?rest_route=\/wp\/v2\/types\/post"}],"author":[{"embeddable":true,"href":"http:\/\/cech-wieliczka.pl\/index.php?rest_route=\/wp\/v2\/users\/1"}],"replies":[{"embeddable":true,"href":"http:\/\/cech-wieliczka.pl\/index.php?rest_route=%2Fwp%2Fv2%2Fcomments&post=15"}],"version-history":[{"count":1,"href":"http:\/\/cech-wieliczka.pl\/index.php?rest_route=\/wp\/v2\/posts\/15\/revisions"}],"predecessor-version":[{"id":18,"href":"http:\/\/cech-wieliczka.pl\/index.php?rest_route=\/wp\/v2\/posts\/15\/revisions\/18"}],"wp:attachment":[{"href":"http:\/\/cech-wieliczka.pl\/index.php?rest_route=%2Fwp%2Fv2%2Fmedia&parent=15"}],"wp:term":[{"taxonomy":"category","embeddable":true,"href":"http:\/\/cech-wieliczka.pl\/index.php?rest_route=%2Fwp%2Fv2%2Fcategories&post=15"},{"taxonomy":"post_tag","embeddable":true,"href":"http:\/\/cech-wieliczka.pl\/index.php?rest_route=%2Fwp%2Fv2%2Ftags&post=15"}],"curies":[{"name":"wp","href":"https:\/\/api.w.org\/{rel}","templated":true}]}}